{"id":853,"date":"2011-01-29T16:52:10","date_gmt":"2011-01-29T15:52:10","guid":{"rendered":"http:\/\/hb9hli.wordpress.com\/?p=853"},"modified":"2011-01-29T16:52:10","modified_gmt":"2011-01-29T15:52:10","slug":"france-bientot-le-bout-du-tunnel","status":"publish","type":"post","link":"https:\/\/hb9hli.radio\/blog\/2011\/01\/29\/france-bientot-le-bout-du-tunnel\/","title":{"rendered":"France, bient\u00f4t le bout du tunnel ?"},"content":{"rendered":"<p><img loading=\"lazy\" decoding=\"async\" class=\"alignleft\" title=\"R\u00e9publique Fran\u00e7aise, S\u00e9nat\" src=\"http:\/\/www.senat.fr\/fileadmin\/templates\/images\/data\/logo.png\" alt=\"\" width=\"169\" height=\"148\" \/>Les radioamateurs fran\u00e7ais sont pour certains modes et certaines fr\u00e9quences priv\u00e9s d&rsquo;autorisations, autorisations qui sont d\u00e9j\u00e0 effectives depuis longtemps presque partout dans le monde. Ce qui est vis\u00e9 du doigt est l&rsquo;attribution de certaines bandes comme le 5, le 50 (sur tout le territoire avec 100W) et le 70 Mhz, mais aussi les communications vocales num\u00e9riques avec l&rsquo;interconnexion r\u00e9seau via internet. Sans rentrer dans les d\u00e9tails, la situation \u00e9tait rest\u00e9e bloqu\u00e9e au niveau de l&rsquo;administration. Les radioamateurs se sont maintenant tourn\u00e9s vers leurs \u00e9lus et cela <a href=\"http:\/\/ http:\/\/www.senat.fr\/questions\/base\/2011\/qSEQ110116939.html\" target=\"_blank\">commence \u00e0 \u00eatre<\/a> visible (<a href=\"http:\/\/www.senat.fr\/questions\/base\/2011\/qSEQ110116939.html\" target=\"_blank\">voir ce lien<\/a>). Esp\u00e9rons que cette fois les choses vont bouger et qu&rsquo;enfin \u00e7a sera le bout du tunnel. Ici en Suisse Romande avec notre culture francophone, une fois que les radioamateurs fran\u00e7ais disposeront des m\u00eames droits, cela va certainement dynamiser certaines activit\u00e9s et permettra de belles exp\u00e9rimentations. \u00c9tant dans l&rsquo;\u00e9quipe technique de l&rsquo;<a title=\"IAPC\" href=\"http:\/\/www.iapc.ch\" target=\"_blank\">IAPC<\/a>, on ne peut que se r\u00e9jouir si cela se d\u00e9bloque enfin pour pouvoir partager nos exp\u00e9rimentations avec nos voisins&#8230;<\/p>\n","protected":false},"excerpt":{"rendered":"<p>Les radioamateurs fran\u00e7ais sont pour certains modes et certaines fr\u00e9quences priv\u00e9s d&rsquo;autorisations, autorisations qui sont d\u00e9j\u00e0 effectives depuis longtemps presque partout dans le monde. Ce qui est vis\u00e9 du doigt est l&rsquo;attribution de certaines bandes comme le 5, le 50 <span class=\"excerpt-dots\">&hellip;<\/span> <a class=\"more-link\" href=\"https:\/\/hb9hli.radio\/blog\/2011\/01\/29\/france-bientot-le-bout-du-tunnel\/\"><span class=\"more-msg\">Lire la suite &rarr;<\/span><\/a><\/p>\n","protected":false},"author":1,"featured_media":0,"comment_status":"open","ping_status":"closed","sticky":false,"template":"","format":"standard","meta":{"footnotes":""},"categories":[4,11,21,22,31],"tags":[],"class_list":["post-853","post","type-post","status-publish","format-standard","hentry","category-50-mhz","category-dstar","category-modes-numeriques","category-ondes-courtes","category-radioamateur"],"_links":{"self":[{"href":"https:\/\/hb9hli.radio\/blog\/wp-json\/wp\/v2\/posts\/853","targetHints":{"allow":["GET"]}}],"collection":[{"href":"https:\/\/hb9hli.radio\/blog\/wp-json\/wp\/v2\/posts"}],"about":[{"href":"https:\/\/hb9hli.radio\/blog\/wp-json\/wp\/v2\/types\/post"}],"author":[{"embeddable":true,"href":"https:\/\/hb9hli.radio\/blog\/wp-json\/wp\/v2\/users\/1"}],"replies":[{"embeddable":true,"href":"https:\/\/hb9hli.radio\/blog\/wp-json\/wp\/v2\/comments?post=853"}],"version-history":[{"count":0,"href":"https:\/\/hb9hli.radio\/blog\/wp-json\/wp\/v2\/posts\/853\/revisions"}],"wp:attachment":[{"href":"https:\/\/hb9hli.radio\/blog\/wp-json\/wp\/v2\/media?parent=853"}],"wp:term":[{"taxonomy":"category","embeddable":true,"href":"https:\/\/hb9hli.radio\/blog\/wp-json\/wp\/v2\/categories?post=853"},{"taxonomy":"post_tag","embeddable":true,"href":"https:\/\/hb9hli.radio\/blog\/wp-json\/wp\/v2\/tags?post=853"}],"curies":[{"name":"wp","href":"https:\/\/api.w.org\/{rel}","templated":true}]}}