{"id":586,"date":"2010-04-17T17:27:09","date_gmt":"2010-04-17T16:27:09","guid":{"rendered":"http:\/\/hb9hli.wordpress.com\/?p=586"},"modified":"2010-04-17T17:27:09","modified_gmt":"2010-04-17T16:27:09","slug":"le-nuage-volcanique-islandais-est-mesure-au-dessus-de-la-suisse","status":"publish","type":"post","link":"https:\/\/hb9hli.radio\/blog\/2010\/04\/17\/le-nuage-volcanique-islandais-est-mesure-au-dessus-de-la-suisse\/","title":{"rendered":"Le nuage volcanique islandais est mesur\u00e9 au-dessus de la Suisse"},"content":{"rendered":"<p><!-- \t\t@page { margin: 2cm } \t\tP { margin-bottom: 0.21cm } \t\tA:link { color: #0000ff } --><\/p>\n<p lang=\"fr-CH\"><img loading=\"lazy\" decoding=\"async\" class=\"alignnone\" title=\"Propri\u00e9t\u00e9 de M\u00e9t\u00e9osuisse\" src=\"http:\/\/www.meteosuisse.admin.ch\/web\/fr\/meteo\/actualite_meteo\/vulkanausbruch_island_2010.Par.0023.Image.png\" alt=\"\" width=\"567\" height=\"344\" \/><\/p>\n<p lang=\"fr-CH\">Les observations m\u00e9t\u00e9orologiques effectu\u00e9es depuis la station a\u00e9rologique M\u00e9t\u00e9oSuisse de Payerne ont permis de mesurer le panache qui atteint la Suisse en ce moment.<\/p>\n<p lang=\"fr-CH\">\n<p>Cette nuit, \u00e0 partir de minuit (heure locale), les effets de l\u2019\u00e9ruption du volcan Eyjafjallaj\u00f6kullen en Islande ont \u00e9t\u00e9 mesur\u00e9s entre 6&rsquo;000 et 6&rsquo;500 m\u00e8tres d\u2019altitude au-dessus du Plateau Suisse. Cette couche de poussi\u00e8res volcaniques est peu \u00e0 peu descendue au cours de la nuit pour atteindre \u00e0 8 heures une altitude situ\u00e9e entre 3&rsquo;600 et 4&rsquo;400 m\u00e8tres au-dessus de la station a\u00e9rologique de Payerne.<\/p>\n<p lang=\"fr-CH\">\n<p>Cette mesure est obtenue \u00e0 partir du syst\u00e8me M\u00e9t\u00e9oSuisse\/EPFL LIDAR de Payerne. Elle montre que l\u2019intensit\u00e9 de ce panache a augment\u00e9 au cours de la nuit par un facteur trois. La figure illustre la s\u00e9rie temporelle des profils de poussi\u00e8res volcaniques au-dessus de Payerne, en heure UTC (heure locale + 2 heures)\u00a0: on y distingue le nuage volcanique qui appara\u00eet \u00e0 6&rsquo;500 m au-dessus du sol et \u00e0 22 heures UTC. Ensuite, il descend r\u00e9guli\u00e8rement tout en augmentant d\u2019intensit\u00e9 au cours de la nuit. A 6 heures UTC, le nuage se trouve entre 3&rsquo;600 et 4&rsquo;400 m\u00e8tres sur sol. Ce suivi temporel confirme en outre le caract\u00e8re excessivement localis\u00e9 du nuage\u00a0: que ce soit en-dessous ou en-dessus des altitudes mentionn\u00e9es, aucune trace de poussi\u00e8res volcaniques n\u2019est mesur\u00e9e actuellement par le LIDAR M\u00e9t\u00e9oSuisse.<\/p>\n<p lang=\"fr-CH\">\n<p lang=\"fr-CH\">Pour de plus amples informations, vous pouvez contacter le Professeur Bertrand Calpini au 079 445 14 59.<\/p>\n<p>Vous trouverez des informations suppl\u00e9mentaires sur le site de <a href=\"http:\/\/www.meteosuisse.admin.ch\/web\/fr\/meteo\/actualite_meteo\/vulkanausbruch_island_2010.html\">M\u00e9t\u00e9oSuisse<\/a>.<\/p>\n<p lang=\"fr-CH\">\n<p>Avec nos salutations les meilleures,<\/p>\n<p>Pr. Bertrand Calpini,<\/p>\n<p>Dr. Dominique Ruffieux<\/p>\n<p>Office f\u00e9d\u00e9ral de m\u00e9t\u00e9orologie et de climatologie M\u00e9t\u00e9oSuisse<\/p>\n<p>Station A\u00e9rologique de Payerne<\/p>\n","protected":false},"excerpt":{"rendered":"<p>Les observations m\u00e9t\u00e9orologiques effectu\u00e9es depuis la station a\u00e9rologique M\u00e9t\u00e9oSuisse de Payerne ont permis de mesurer le panache qui atteint la Suisse en ce moment. Cette nuit, \u00e0 partir de minuit (heure locale), les effets de l\u2019\u00e9ruption du volcan Eyjafjallaj\u00f6kullen en <span class=\"excerpt-dots\">&hellip;<\/span> <a class=\"more-link\" href=\"https:\/\/hb9hli.radio\/blog\/2010\/04\/17\/le-nuage-volcanique-islandais-est-mesure-au-dessus-de-la-suisse\/\"><span class=\"more-msg\">Lire la suite &rarr;<\/span><\/a><\/p>\n","protected":false},"author":1,"featured_media":0,"comment_status":"open","ping_status":"closed","sticky":false,"template":"","format":"standard","meta":{"footnotes":""},"categories":[31],"tags":[],"class_list":["post-586","post","type-post","status-publish","format-standard","hentry","category-radioamateur"],"_links":{"self":[{"href":"https:\/\/hb9hli.radio\/blog\/wp-json\/wp\/v2\/posts\/586","targetHints":{"allow":["GET"]}}],"collection":[{"href":"https:\/\/hb9hli.radio\/blog\/wp-json\/wp\/v2\/posts"}],"about":[{"href":"https:\/\/hb9hli.radio\/blog\/wp-json\/wp\/v2\/types\/post"}],"author":[{"embeddable":true,"href":"https:\/\/hb9hli.radio\/blog\/wp-json\/wp\/v2\/users\/1"}],"replies":[{"embeddable":true,"href":"https:\/\/hb9hli.radio\/blog\/wp-json\/wp\/v2\/comments?post=586"}],"version-history":[{"count":0,"href":"https:\/\/hb9hli.radio\/blog\/wp-json\/wp\/v2\/posts\/586\/revisions"}],"wp:attachment":[{"href":"https:\/\/hb9hli.radio\/blog\/wp-json\/wp\/v2\/media?parent=586"}],"wp:term":[{"taxonomy":"category","embeddable":true,"href":"https:\/\/hb9hli.radio\/blog\/wp-json\/wp\/v2\/categories?post=586"},{"taxonomy":"post_tag","embeddable":true,"href":"https:\/\/hb9hli.radio\/blog\/wp-json\/wp\/v2\/tags?post=586"}],"curies":[{"name":"wp","href":"https:\/\/api.w.org\/{rel}","templated":true}]}}