{"id":255,"date":"2009-06-27T19:34:11","date_gmt":"2009-06-27T18:34:11","guid":{"rendered":"http:\/\/hb9hli.wordpress.com\/?p=255"},"modified":"2009-06-27T19:34:11","modified_gmt":"2009-06-27T18:34:11","slug":"le-locle-et-la-chaux-de-fonds-inscrites-au-patrimoine-de-lunesco","status":"publish","type":"post","link":"https:\/\/hb9hli.radio\/blog\/2009\/06\/27\/le-locle-et-la-chaux-de-fonds-inscrites-au-patrimoine-de-lunesco\/","title":{"rendered":"Le Locle et La Chaux-de-Fonds inscrites au patrimoine de l&rsquo;UNESCO"},"content":{"rendered":"<p><img loading=\"lazy\" decoding=\"async\" class=\"alignleft\" title=\"UNESCO\" src=\"http:\/\/portal.unesco.org\/fr\/TEMPLATE\/v4_images\/logo_fr.gif\" alt=\"Logo officiel de lUNESCO\" width=\"186\" height=\"86\" \/><\/p>\n<p>C&rsquo;est \u00e0 19h15 ce samedi, apr\u00e8s une longue attente, Le Locle et La Chaux-de-Fonds sont inscrites au patrimoine de l&rsquo;UNESCO. Cette reconnaissance \u00e9tait tr\u00e8s attendue par la population et les autorit\u00e9s des deux villes car il est vrais que \u00e7a faisait longtemps qu&rsquo;il se disait trop de choses n\u00e9gatives, particuli\u00e8rement au Locle. Ce qui se lisait dans la presse l\u00e9manique encore hier en est la preuve. Reste \u00e0 esp\u00e9rer que les Loclois et les Chaux-de-Fonniers sauront tirer parti des avantages de cette reconnaissance sans tomber dans la d\u00e9rision. Les deux villes avaient d\u00e9pos\u00e9 leur demande il y a neuf ans pour inscrire le patrimoine horloger et les particularit\u00e9s architecturales que constitue Le Locle et La Chaux-de-Fonds.<br \/>\n<a href=\"http:\/\/www.urbanismehorloger.ch\/\" target=\"_blank\">Plus de d\u00e9tail ici<\/a>.<br \/>\nDom.<\/p>\n","protected":false},"excerpt":{"rendered":"<p>C&rsquo;est \u00e0 19h15 ce samedi, apr\u00e8s une longue attente, Le Locle et La Chaux-de-Fonds sont inscrites au patrimoine de l&rsquo;UNESCO. Cette reconnaissance \u00e9tait tr\u00e8s attendue par la population et les autorit\u00e9s des deux villes car il est vrais que \u00e7a <span class=\"excerpt-dots\">&hellip;<\/span> <a class=\"more-link\" href=\"https:\/\/hb9hli.radio\/blog\/2009\/06\/27\/le-locle-et-la-chaux-de-fonds-inscrites-au-patrimoine-de-lunesco\/\"><span class=\"more-msg\">Lire la suite &rarr;<\/span><\/a><\/p>\n","protected":false},"author":1,"featured_media":0,"comment_status":"open","ping_status":"closed","sticky":false,"template":"","format":"standard","meta":{"footnotes":""},"categories":[33],"tags":[],"class_list":["post-255","post","type-post","status-publish","format-standard","hentry","category-societe-politique"],"_links":{"self":[{"href":"https:\/\/hb9hli.radio\/blog\/wp-json\/wp\/v2\/posts\/255","targetHints":{"allow":["GET"]}}],"collection":[{"href":"https:\/\/hb9hli.radio\/blog\/wp-json\/wp\/v2\/posts"}],"about":[{"href":"https:\/\/hb9hli.radio\/blog\/wp-json\/wp\/v2\/types\/post"}],"author":[{"embeddable":true,"href":"https:\/\/hb9hli.radio\/blog\/wp-json\/wp\/v2\/users\/1"}],"replies":[{"embeddable":true,"href":"https:\/\/hb9hli.radio\/blog\/wp-json\/wp\/v2\/comments?post=255"}],"version-history":[{"count":0,"href":"https:\/\/hb9hli.radio\/blog\/wp-json\/wp\/v2\/posts\/255\/revisions"}],"wp:attachment":[{"href":"https:\/\/hb9hli.radio\/blog\/wp-json\/wp\/v2\/media?parent=255"}],"wp:term":[{"taxonomy":"category","embeddable":true,"href":"https:\/\/hb9hli.radio\/blog\/wp-json\/wp\/v2\/categories?post=255"},{"taxonomy":"post_tag","embeddable":true,"href":"https:\/\/hb9hli.radio\/blog\/wp-json\/wp\/v2\/tags?post=255"}],"curies":[{"name":"wp","href":"https:\/\/api.w.org\/{rel}","templated":true}]}}