{"id":219,"date":"2009-04-26T21:33:16","date_gmt":"2009-04-26T20:33:16","guid":{"rendered":"http:\/\/hb9hli.wordpress.com\/?p=219"},"modified":"2009-04-26T21:33:16","modified_gmt":"2009-04-26T20:33:16","slug":"contest-h26-2009-hb9lc-pres-de-la-chaux-de-fonds","status":"publish","type":"post","link":"https:\/\/hb9hli.radio\/blog\/2009\/04\/26\/contest-h26-2009-hb9lc-pres-de-la-chaux-de-fonds\/","title":{"rendered":"Contest H26 2009 &#8211; HB9LC pr\u00e8s de La Chaux-de-Fonds"},"content":{"rendered":"<p>La section USKA des Montagnes Neuch\u00e2teloises a organis\u00e9 comme chaque ann\u00e9e sa participation au contest Helvetia H26 sur ondes courtes, la station mont\u00e9e dans le b\u00e2timent du centre forestier de la Gr\u00e9bille pr\u00e8s de La Chaux-de-Fonds. Les antennes install\u00e9es juste \u00e0 c\u00f4t\u00e9, une verticale multibande et tendu dans les arbres, un long fil et un dip\u00f4le.<\/p>\n<p><img loading=\"lazy\" decoding=\"async\" src=\"http:\/\/hb9hli.radio\/blog\/wp-content\/uploads\/2009\/04\/hb9hlv_et_hb9ull.jpg\" alt=\"Helvtia Contest HF HB9LC - 2009\" width=\"533\" height=\"400\" \/><\/p>\n<p><em>HB9HLV et HB9ULL \u00e0 la station de HB9LC pendant le contest.<\/em><\/p>\n<p>On s&rsquo;est ainsi retrouv\u00e9 ce samedi matin pour le montage des antennes et de la station, puis une fois tout install\u00e9, toute l&rsquo;\u00e9quipe se retrouve devant un succulent repas pr\u00e9par\u00e9 par Geaorges HB3YUN et son \u00e9quipe. Ensuite j&rsquo;entre en action \u00e0 la station avec 110 QSO en 2 heures. Puis se succ\u00e8de les op\u00e9rateurs jusqu&rsquo;au repas du soir, une excellente grillade de la chemin\u00e9e du centre forestier. Puis le trafic reprend, de mon c\u00f4t\u00e9, depuis un peu avant 23h, avec Manu HB9ULL nous activons les bandes basses avec pas mal de stations Suisses qui nous donne des points suppl\u00e9mentaires. On s&rsquo;arr\u00eate vers 2h du matin apr\u00e8s le 300\u00e8me QSO et je rentre \u00e0 la maison. N&rsquo;\u00e9tant pas l\u00e0 le dimanche, je n&rsquo;ai pour l&rsquo;instant rien de plus \u00e0 raconter, mais en tout cas, je me suis bien \u00e9clat\u00e9.<\/p>\n<p>J&rsquo;ai mis quelques photos dans l&rsquo;album du site <a href=\"http:\/\/hb9hli.radio\/album\/Concours\/H26-2009\" target=\"_self\">ici<\/a><\/p>\n","protected":false},"excerpt":{"rendered":"<p>La section USKA des Montagnes Neuch\u00e2teloises a organis\u00e9 comme chaque ann\u00e9e sa participation au contest Helvetia H26 sur ondes courtes, la station mont\u00e9e dans le b\u00e2timent du centre forestier de la Gr\u00e9bille pr\u00e8s de La Chaux-de-Fonds. Les antennes install\u00e9es juste <span class=\"excerpt-dots\">&hellip;<\/span> <a class=\"more-link\" href=\"https:\/\/hb9hli.radio\/blog\/2009\/04\/26\/contest-h26-2009-hb9lc-pres-de-la-chaux-de-fonds\/\"><span class=\"more-msg\">Lire la suite &rarr;<\/span><\/a><\/p>\n","protected":false},"author":1,"featured_media":0,"comment_status":"open","ping_status":"closed","sticky":false,"template":"","format":"standard","meta":{"footnotes":""},"categories":[31],"tags":[],"class_list":["post-219","post","type-post","status-publish","format-standard","hentry","category-radioamateur"],"_links":{"self":[{"href":"https:\/\/hb9hli.radio\/blog\/wp-json\/wp\/v2\/posts\/219","targetHints":{"allow":["GET"]}}],"collection":[{"href":"https:\/\/hb9hli.radio\/blog\/wp-json\/wp\/v2\/posts"}],"about":[{"href":"https:\/\/hb9hli.radio\/blog\/wp-json\/wp\/v2\/types\/post"}],"author":[{"embeddable":true,"href":"https:\/\/hb9hli.radio\/blog\/wp-json\/wp\/v2\/users\/1"}],"replies":[{"embeddable":true,"href":"https:\/\/hb9hli.radio\/blog\/wp-json\/wp\/v2\/comments?post=219"}],"version-history":[{"count":0,"href":"https:\/\/hb9hli.radio\/blog\/wp-json\/wp\/v2\/posts\/219\/revisions"}],"wp:attachment":[{"href":"https:\/\/hb9hli.radio\/blog\/wp-json\/wp\/v2\/media?parent=219"}],"wp:term":[{"taxonomy":"category","embeddable":true,"href":"https:\/\/hb9hli.radio\/blog\/wp-json\/wp\/v2\/categories?post=219"},{"taxonomy":"post_tag","embeddable":true,"href":"https:\/\/hb9hli.radio\/blog\/wp-json\/wp\/v2\/tags?post=219"}],"curies":[{"name":"wp","href":"https:\/\/api.w.org\/{rel}","templated":true}]}}