{"id":1956,"date":"2018-02-25T17:24:32","date_gmt":"2018-02-25T17:24:32","guid":{"rendered":"http:\/\/hb9hli.radio\/blog\/?p=1956"},"modified":"2018-04-05T07:44:58","modified_gmt":"2018-04-05T07:44:58","slug":"un-ballon-sonde-dune-ecole-de-la-region-de-stuttgart-secrase-au-locle","status":"publish","type":"post","link":"https:\/\/hb9hli.radio\/blog\/2018\/02\/25\/un-ballon-sonde-dune-ecole-de-la-region-de-stuttgart-secrase-au-locle\/","title":{"rendered":"Un ballon-sonde d&rsquo;une \u00e9cole de la r\u00e9gion de Stuttgart s&rsquo;\u00e9crase au Locle !"},"content":{"rendered":"<p>On connait les nombreux projets p\u00e9dagogiques des \u00e9coles et l\u2019attrait de ces projets pour le spatial.<br \/>\nHier, c&rsquo;\u00e9tait le lancement d&rsquo;un ballon dont la nacelle a \u00e9t\u00e9 con\u00e7ue par des \u00e9tudiants du gymnase Robert-Mayer \u00e0 Heilbronn au nord de Stuttgart en Allemagne. Celui-ci pouss\u00e9 par la forte bise est descendu plein sud pour traverser une partie de l&rsquo;Alace, entrer en Suisse et terminer son vol dans un sapin dans un cartier de villas sur les <a href=\"https:\/\/hb9hli.radio\/blog\/wp-content\/uploads\/2018\/02\/DB0HN-11.png\"><img loading=\"lazy\" decoding=\"async\" class=\"alignleft size-medium wp-image-1957\" src=\"https:\/\/hb9hli.radio\/blog\/wp-content\/uploads\/2018\/02\/DB0HN-11-297x300.png\" alt=\"\" width=\"297\" height=\"300\" srcset=\"https:\/\/hb9hli.radio\/blog\/wp-content\/uploads\/2018\/02\/DB0HN-11-297x300.png 297w, https:\/\/hb9hli.radio\/blog\/wp-content\/uploads\/2018\/02\/DB0HN-11-396x400.png 396w, https:\/\/hb9hli.radio\/blog\/wp-content\/uploads\/2018\/02\/DB0HN-11.png 652w\" sizes=\"auto, (max-width: 297px) 100vw, 297px\" \/><\/a>Monts au Locle.<\/p>\n<p>Hors personne ne pouvait imaginer que ce ballon allait faire une telle distance et surtout pas moi&#8230; J&rsquo;ai eu connaissance de ce projet que cet apr\u00e8s-midi quand Steffen, le professeur responsable du projet sonne \u00e0 ma porte. Je ne le connaissais pas jusque l\u00e0 et c&rsquo;est en regardant sur internet qu&rsquo;il a pens\u00e9 trouver quelqu&rsquo;un qui conna\u00eet ce qu&rsquo;il cherche. C&rsquo;est alors qu&rsquo;il m&rsquo;explique la situation et m&rsquo;indique l&rsquo;endroit de la derni\u00e8re trame re\u00e7ue avec la position du ballon. Mais l\u00e0 il \u00e9tait \u00e0 plus de 300m en dessus du sol et n&rsquo;a ensuite plus donn\u00e9 aucun signe de vie. Ce n&rsquo;est qu&rsquo;en d\u00e9sespoir de cause qu&rsquo;il me demande de l&rsquo;aide pour retrouver la nacelle qui dispose de 2 cam\u00e9ras, des \u00e9quipements de mesure et de radiolocalisation (GPS et APRS). Il a fait plus de 300 Km pour venir jusqu&rsquo;ici. Il m&rsquo;a dit que les \u00e9tudiants ont beaucoup travaill\u00e9 pour ce projet et ne pas retrouver la nacelle serait une \u00e9norme d\u00e9ception pour ces jeunes gymnasiens.<\/p>\n<p>Nous \u00e9tudions la carte et il me montre une estimation d&rsquo;impact, alors nous nous y rendons mais les recherches sont rest\u00e9s vaines. Il y a tant d\u2019endroits \u00e0 chercher, il fait un froid de canards, et ceci sans aucun signe de vie du ballon. Apr\u00e8s avoir scrut\u00e9 les alentours, il fallait se rendre \u00e0 l&rsquo;\u00e9vidence. C&rsquo;est alors que Steffen me dit vouloir encore regarder plus loin sur la route des Monts et s&rsquo;il y a rien on abandonne. Finalement \u00e0 deux doigts d&rsquo;abandonner, bien loin de l&rsquo;impact estim\u00e9 qu&rsquo;il voit le parachute rouge joncher le sol, mais la nacelle elle reste introuvable. Alors je cherche quelqu&rsquo;un autour des villas, mais il y a personne. Je remarque alors que la ficelle qui tenait la nacelle avait cass\u00e9 et je me suis dit que la nacelle ne pouvait pas \u00eatre bien loin. Finalement c&rsquo;est Steffen qui l&rsquo;a appe\u00e7u le premier, elle \u00e9tait \u00e0 moins de 20m de l\u00e0, pendue dans un sapin \u00e0 4 m\u00e8tres de haut. C&rsquo;est avec une planche que l&rsquo;on trouve proche d&rsquo;une maison que nous avons pu la d\u00e9loger.<br \/>\n<a href=\"https:\/\/hb9hli.radio\/blog\/wp-content\/uploads\/2018\/02\/steffen.jpg\"><img loading=\"lazy\" decoding=\"async\" class=\"alignleft size-medium wp-image-1958\" src=\"https:\/\/hb9hli.radio\/blog\/wp-content\/uploads\/2018\/02\/steffen-225x300.jpg\" alt=\"\" width=\"225\" height=\"300\" srcset=\"https:\/\/hb9hli.radio\/blog\/wp-content\/uploads\/2018\/02\/steffen-225x300.jpg 225w, https:\/\/hb9hli.radio\/blog\/wp-content\/uploads\/2018\/02\/steffen-300x400.jpg 300w, https:\/\/hb9hli.radio\/blog\/wp-content\/uploads\/2018\/02\/steffen.jpg 540w\" sizes=\"auto, (max-width: 225px) 100vw, 225px\" \/><\/a><br \/>\nSteffen \u00e9tait comme fou de la retrouver et exprime sa r\u00e9elle satisfaction de pouvoir rapporter le ballon et la nacelle intacte \u00e0 ses \u00e9tudiants en Allemagne. Un bref passage chez moi pour se r\u00e9chauffer, il ouvre la nacelle et constate que tout \u00e9tait encore fonctionnel, par contre l&rsquo;antenne a cass\u00e9 \u00e0 sa base, c&rsquo;est ainsi la raison pour laquelle elle est rest\u00e9e muette.<\/p>\n<p>Alors que la m\u00e9t\u00e9o nous a annonc\u00e9 une vaque de froid en provenance de Russie, la nuit pass\u00e9e ce fut le vent de Heilbronn&#8230;<\/p>\n<p>Dans le cadre de la formation des \u00e9tudiants, il y a une \u00e9troite collaboration en Allemagne entre les \u00e9coles et les radioamateurs avec le <a href=\"http:\/\/www.darc.de\" target=\"_blank\" rel=\"noopener\">DARC<\/a> me dit Steffen. Le radioamateurisme est une excellente plateforme pour faire de la formation aux \u00e9tudiants, notamment dans le domaine spatial. Ce projet de ballon en est au tout d\u00e9but m&rsquo;a-t-il dit et cela va continuer avec un projet <a href=\"http:\/\/www.ariss.org\" target=\"_blank\" rel=\"noopener\">ARISS<\/a> qui permettra d&rsquo;\u00e9tablir une liaison avec ISS le 24 octobre de cette ann\u00e9e. L&rsquo;\u00e9cole veut aussi cr\u00e9er un radio-club dans ses murs.<\/p>\n<p>Liens:<br \/>\n<a href=\"http:\/\/www.rmg-heilbronn.de\" target=\"_blank\" rel=\"noopener\">Robert-Mayer-Gymnasium Heilbronn<\/a><br \/>\n<a href=\"http:\/\/www.rmg-heilbronn.de\/ags\/wissenschaftlich-technische-ags\/amateurfunk-ag\" target=\"_blank\" rel=\"noopener\">Page des projets radioamateurs<\/a><\/p>\n<div id=\"container\"><\/div>\n","protected":false},"excerpt":{"rendered":"<p>On connait les nombreux projets p\u00e9dagogiques des \u00e9coles et l\u2019attrait de ces projets pour le spatial. Hier, c&rsquo;\u00e9tait le lancement d&rsquo;un ballon dont la nacelle a \u00e9t\u00e9 con\u00e7ue par des \u00e9tudiants du gymnase Robert-Mayer \u00e0 Heilbronn au nord de Stuttgart <span class=\"excerpt-dots\">&hellip;<\/span> <a class=\"more-link\" href=\"https:\/\/hb9hli.radio\/blog\/2018\/02\/25\/un-ballon-sonde-dune-ecole-de-la-region-de-stuttgart-secrase-au-locle\/\"><span class=\"more-msg\">Lire la suite &rarr;<\/span><\/a><\/p>\n","protected":false},"author":1,"featured_media":0,"comment_status":"open","ping_status":"closed","sticky":false,"template":"","format":"standard","meta":{"footnotes":""},"categories":[16,70,29,31,35],"tags":[77],"class_list":["post-1956","post","type-post","status-publish","format-standard","hentry","category-gonio","category-iss","category-radio-sondes","category-radioamateur","category-vhf","tag-aprs"],"_links":{"self":[{"href":"https:\/\/hb9hli.radio\/blog\/wp-json\/wp\/v2\/posts\/1956","targetHints":{"allow":["GET"]}}],"collection":[{"href":"https:\/\/hb9hli.radio\/blog\/wp-json\/wp\/v2\/posts"}],"about":[{"href":"https:\/\/hb9hli.radio\/blog\/wp-json\/wp\/v2\/types\/post"}],"author":[{"embeddable":true,"href":"https:\/\/hb9hli.radio\/blog\/wp-json\/wp\/v2\/users\/1"}],"replies":[{"embeddable":true,"href":"https:\/\/hb9hli.radio\/blog\/wp-json\/wp\/v2\/comments?post=1956"}],"version-history":[{"count":7,"href":"https:\/\/hb9hli.radio\/blog\/wp-json\/wp\/v2\/posts\/1956\/revisions"}],"predecessor-version":[{"id":2000,"href":"https:\/\/hb9hli.radio\/blog\/wp-json\/wp\/v2\/posts\/1956\/revisions\/2000"}],"wp:attachment":[{"href":"https:\/\/hb9hli.radio\/blog\/wp-json\/wp\/v2\/media?parent=1956"}],"wp:term":[{"taxonomy":"category","embeddable":true,"href":"https:\/\/hb9hli.radio\/blog\/wp-json\/wp\/v2\/categories?post=1956"},{"taxonomy":"post_tag","embeddable":true,"href":"https:\/\/hb9hli.radio\/blog\/wp-json\/wp\/v2\/tags?post=1956"}],"curies":[{"name":"wp","href":"https:\/\/api.w.org\/{rel}","templated":true}]}}