{"id":1715,"date":"2013-04-15T21:00:31","date_gmt":"2013-04-15T21:00:31","guid":{"rendered":"http:\/\/hb9hli.radio\/blog\/?p=1715"},"modified":"2013-04-15T21:00:31","modified_gmt":"2013-04-15T21:00:31","slug":"une-aurore-boreale-a-saint-aubin","status":"publish","type":"post","link":"https:\/\/hb9hli.radio\/blog\/2013\/04\/15\/une-aurore-boreale-a-saint-aubin\/","title":{"rendered":"Une aurore bor\u00e9ale \u00e0 Saint-Aubin !"},"content":{"rendered":"<p><a href=\"http:\/\/hb9hli.radio\/blog\/wp-content\/uploads\/2013\/04\/aurora_a_st-aubin.jpg\"><img loading=\"lazy\" decoding=\"async\" class=\"alignleft size-medium wp-image-1716\" alt=\"aurora_a_st-aubin\" src=\"http:\/\/hb9hli.radio\/blog\/wp-content\/uploads\/2013\/04\/aurora_a_st-aubin-300x224.jpg\" width=\"300\" height=\"224\" srcset=\"https:\/\/hb9hli.radio\/blog\/wp-content\/uploads\/2013\/04\/aurora_a_st-aubin-300x224.jpg 300w, https:\/\/hb9hli.radio\/blog\/wp-content\/uploads\/2013\/04\/aurora_a_st-aubin-533x400.jpg 533w, https:\/\/hb9hli.radio\/blog\/wp-content\/uploads\/2013\/04\/aurora_a_st-aubin.jpg 879w\" sizes=\"auto, (max-width: 300px) 100vw, 300px\" \/><\/a>Une aurore bor\u00e9ale a \u00e9t\u00e9 observ\u00e9e \u00e0 St-Aubin dans le canton de Neuch\u00e2tel samedi soir.<\/p>\n<p><a href=\"http:\/\/www.rtn.ch\/Scripts\/Index.aspx?id=2739916\" target=\"_blank\">La suite sur RTN, la radio Neuch\u00e2teloise<\/a>&#8230;<\/p>\n","protected":false},"excerpt":{"rendered":"<p>Une aurore bor\u00e9ale a \u00e9t\u00e9 observ\u00e9e \u00e0 St-Aubin dans le canton de Neuch\u00e2tel samedi soir. La suite sur RTN, la radio Neuch\u00e2teloise&#8230;<\/p>\n <a class=\"more-link\" href=\"https:\/\/hb9hli.radio\/blog\/2013\/04\/15\/une-aurore-boreale-a-saint-aubin\/\"><span class=\"more-msg\">Lire la suite &rarr;<\/span><\/a>","protected":false},"author":1,"featured_media":0,"comment_status":"open","ping_status":"closed","sticky":false,"template":"","format":"standard","meta":{"footnotes":""},"categories":[4,26,31,35],"tags":[],"class_list":["post-1715","post","type-post","status-publish","format-standard","hentry","category-50-mhz","category-propagation-des-ondes","category-radioamateur","category-vhf"],"_links":{"self":[{"href":"https:\/\/hb9hli.radio\/blog\/wp-json\/wp\/v2\/posts\/1715","targetHints":{"allow":["GET"]}}],"collection":[{"href":"https:\/\/hb9hli.radio\/blog\/wp-json\/wp\/v2\/posts"}],"about":[{"href":"https:\/\/hb9hli.radio\/blog\/wp-json\/wp\/v2\/types\/post"}],"author":[{"embeddable":true,"href":"https:\/\/hb9hli.radio\/blog\/wp-json\/wp\/v2\/users\/1"}],"replies":[{"embeddable":true,"href":"https:\/\/hb9hli.radio\/blog\/wp-json\/wp\/v2\/comments?post=1715"}],"version-history":[{"count":1,"href":"https:\/\/hb9hli.radio\/blog\/wp-json\/wp\/v2\/posts\/1715\/revisions"}],"predecessor-version":[{"id":1717,"href":"https:\/\/hb9hli.radio\/blog\/wp-json\/wp\/v2\/posts\/1715\/revisions\/1717"}],"wp:attachment":[{"href":"https:\/\/hb9hli.radio\/blog\/wp-json\/wp\/v2\/media?parent=1715"}],"wp:term":[{"taxonomy":"category","embeddable":true,"href":"https:\/\/hb9hli.radio\/blog\/wp-json\/wp\/v2\/categories?post=1715"},{"taxonomy":"post_tag","embeddable":true,"href":"https:\/\/hb9hli.radio\/blog\/wp-json\/wp\/v2\/tags?post=1715"}],"curies":[{"name":"wp","href":"https:\/\/api.w.org\/{rel}","templated":true}]}}