{"id":162,"date":"2008-11-29T14:48:47","date_gmt":"2008-11-29T12:48:47","guid":{"rendered":"http:\/\/hb9hli.wordpress.com\/?p=162"},"modified":"2008-11-29T14:48:47","modified_gmt":"2008-11-29T12:48:47","slug":"bonne-nouvelle-pour-le-50-mhz-en-suisse","status":"publish","type":"post","link":"https:\/\/hb9hli.radio\/blog\/2008\/11\/29\/bonne-nouvelle-pour-le-50-mhz-en-suisse\/","title":{"rendered":"Bonne nouvelle pour le 50 MHz en Suisse !"},"content":{"rendered":"<p><img loading=\"lazy\" decoding=\"async\" class=\"alignnone\" title=\"Hop Suisse !\" src=\"http:\/\/www.uska.ch\/typo\/uploads\/pics\/50_MHz_logo2_klein_01.jpg\" alt=\"\" width=\"130\" height=\"65\" \/><\/p>\n<p>Voil\u00e0 avec un peu d&rsquo;avance un beau cadeau de No\u00ebl offert par l&rsquo;<a href=\"http:\/\/www.ofcom.ch\" target=\"_blank\">OFCOM<\/a> et l&rsquo;<a href=\"http:\/\/www.uska.ch\" target=\"_blank\">USKA<\/a>. L&rsquo;utilisation de la bande des 6 m\u00e8tres pourra \u00eatre utilis\u00e9e depuis le 1er janvier 2009 sans autorisation pr\u00e9alable \u00e0 tout les HB9 avec 100W PEP ind\u00e9pendamment de la polarisation de l&rsquo;antenne. Un bien beau cadeau qui arrive juste avant la remont\u00e9e du prochain cycle solaire, l\u00e0 ou on attend des ouvertures en F2 et TEP permettant la communication intercontinentale. Je me r\u00e9jouis et dit un grand merci \u00e0 tout ceux qui ont pu rendre cela possible.<\/p>\n<p>Voir aussi l&rsquo;information sur les news suisses de <a href=\"http:\/\/www.radioamateur.ch\" target=\"_blank\">radioamateur.ch<\/a> ou bien\u00a0 <a href=\"http:\/\/www.uska.ch\/typo\/index.php?id=30&amp;L=1&amp;tx_ttnews[tt_news]=52&amp;tx_ttnews[backPid]=4&amp;cHash=f4611ee20b\" target=\"_blank\">sur le site de l&rsquo;USKA<\/a><\/p>\n<p><a href=\"http:\/\/www.uska.ch\/typo\/index.php?id=30&amp;L=1&amp;tx_ttnews[tt_news]=52&amp;tx_ttnews[backPid]=4&amp;cHash=f4611ee20b\" target=\"_blank\"><\/a>73&rsquo;s Dom.<\/p>\n","protected":false},"excerpt":{"rendered":"<p>Voil\u00e0 avec un peu d&rsquo;avance un beau cadeau de No\u00ebl offert par l&rsquo;OFCOM et l&rsquo;USKA. L&rsquo;utilisation de la bande des 6 m\u00e8tres pourra \u00eatre utilis\u00e9e depuis le 1er janvier 2009 sans autorisation pr\u00e9alable \u00e0 tout les HB9 avec 100W PEP <span class=\"excerpt-dots\">&hellip;<\/span> <a class=\"more-link\" href=\"https:\/\/hb9hli.radio\/blog\/2008\/11\/29\/bonne-nouvelle-pour-le-50-mhz-en-suisse\/\"><span class=\"more-msg\">Lire la suite &rarr;<\/span><\/a><\/p>\n","protected":false},"author":1,"featured_media":0,"comment_status":"open","ping_status":"closed","sticky":false,"template":"","format":"standard","meta":{"footnotes":""},"categories":[31],"tags":[],"class_list":["post-162","post","type-post","status-publish","format-standard","hentry","category-radioamateur"],"_links":{"self":[{"href":"https:\/\/hb9hli.radio\/blog\/wp-json\/wp\/v2\/posts\/162","targetHints":{"allow":["GET"]}}],"collection":[{"href":"https:\/\/hb9hli.radio\/blog\/wp-json\/wp\/v2\/posts"}],"about":[{"href":"https:\/\/hb9hli.radio\/blog\/wp-json\/wp\/v2\/types\/post"}],"author":[{"embeddable":true,"href":"https:\/\/hb9hli.radio\/blog\/wp-json\/wp\/v2\/users\/1"}],"replies":[{"embeddable":true,"href":"https:\/\/hb9hli.radio\/blog\/wp-json\/wp\/v2\/comments?post=162"}],"version-history":[{"count":0,"href":"https:\/\/hb9hli.radio\/blog\/wp-json\/wp\/v2\/posts\/162\/revisions"}],"wp:attachment":[{"href":"https:\/\/hb9hli.radio\/blog\/wp-json\/wp\/v2\/media?parent=162"}],"wp:term":[{"taxonomy":"category","embeddable":true,"href":"https:\/\/hb9hli.radio\/blog\/wp-json\/wp\/v2\/categories?post=162"},{"taxonomy":"post_tag","embeddable":true,"href":"https:\/\/hb9hli.radio\/blog\/wp-json\/wp\/v2\/tags?post=162"}],"curies":[{"name":"wp","href":"https:\/\/api.w.org\/{rel}","templated":true}]}}